{"id":122,"date":"2011-01-06T16:59:35","date_gmt":"2011-01-06T16:59:35","guid":{"rendered":"http:\/\/layana.begueria.es\/?p=122"},"modified":"2011-01-06T17:10:33","modified_gmt":"2011-01-06T17:10:33","slug":"el-concilio-de-jaca","status":"publish","type":"post","link":"http:\/\/layana.begueria.es\/?p=122","title":{"rendered":"EL CONCILIO DE JACA"},"content":{"rendered":"\n<div class=\"twitterbutton\" style=\"float: right; padding-left: 5px;\"><a href=\"http:\/\/twitter.com\/share\" class=\"twitter-share-button\" data-count=\"none\" data-text=\"EL CONCILIO DE JACA\" data-via=\"mabegueriagmail.com\" data-url=\"http:\/\/layana.begueria.es\/?p=122\" data-lang=\"en\" data-related=\":Layana, un pueblo de Arag\u00f3n\"><\/a><\/div><figure id=\"attachment_125\" aria-describedby=\"caption-attachment-125\" style=\"width: 300px\" class=\"wp-caption alignleft\"><a href=\"http:\/\/layana.begueria.es\/wordpress\/wp-content\/uploads\/2011\/01\/Catedral-de-Jaca.jpg\"><img loading=\"lazy\" decoding=\"async\" class=\"size-full wp-image-125\" title=\"Catedral de Jaca\" src=\"http:\/\/layana.begueria.es\/wordpress\/wp-content\/uploads\/2011\/01\/Catedral-de-Jaca.jpg\" alt=\"\" width=\"300\" height=\"260\" srcset=\"http:\/\/layana.begueria.es\/wordpress\/wp-content\/uploads\/2011\/01\/Catedral-de-Jaca.jpg 300w, http:\/\/layana.begueria.es\/wordpress\/wp-content\/uploads\/2011\/01\/Catedral-de-Jaca-150x130.jpg 150w\" sizes=\"auto, (max-width: 300px) 100vw, 300px\" \/><\/a><figcaption id=\"caption-attachment-125\" class=\"wp-caption-text\">Catedral de Jaca<\/figcaption><\/figure>\n<p><span style=\"font-size: x-M\u00e1s importante fue la reforma eclesi\u00e1stica que se inici\u00f3 al final del reinado de Ramiro I, tras el famoso Concilio de Jaca en el a\u00f1o 1063. Seg\u00fan testimonios de la \u00e9poca  se hab\u00eda llegado a un estado de corrupci\u00f3n tal que se hizo necesaria la reuni\u00f3n de obispos que estudiaran la situaci\u00f3n y adoptaran las medidas necesarias para encauzarlo en una direcci\u00f3n saludable. Un papel relevante fue el adoptado por Garc\u00eda, infante de Arag\u00f3n, y m\u00e1s tarde obispo de Huesca-Jaca. Sabemos que la di\u00f3cesis de Huesca era la di\u00f3cesis de Arag\u00f3n en \u00e9poca visigoda y que por la ocupaci\u00f3n \u00e1rabe fue suprimida. Ramiro I fund\u00f3 las sedes, primero en Sasave y despu\u00e9s en Jaca de forma provisional hasta que se liberara Huesca y pudiera taladarse definitivamente all\u00ed. Dos son los principales resultados del concilio de Jaca;\">M\u00e1s importante fue la reforma eclesi\u00e1stica que se inici\u00f3 al final del reinado de Ramiro I, tras el famoso Concilio de Jaca en el a\u00f1o 1063. Seg\u00fan testimonios de la \u00e9poca\u00a0 se hab\u00eda llegado a un estado de corrupci\u00f3n tal que se hizo necesaria la reuni\u00f3n de obispos que estudiaran la situaci\u00f3n y adoptaran las medidas necesarias para encauzarlo en una direcci\u00f3n saludable. Un papel relevante fue el adoptado por Garc\u00eda, infante de Arag\u00f3n, y m\u00e1s tarde obispo de Huesca-Jaca. Sabemos que la di\u00f3cesis de Huesca era la di\u00f3cesis de Arag\u00f3n en \u00e9poca visigoda y que por la ocupaci\u00f3n \u00e1rabe fue suprimida. Ramiro I fund\u00f3 las sedes, primero en Sasave y despu\u00e9s en Jaca de forma provisional hasta que se liberara Huesca y pudiera taladarse definitivamente all\u00ed.<\/span><\/p>\n<p><span style=\"font-size: x-M\u00e1s importante fue la reforma eclesi\u00e1stica que se inici\u00f3 al final del reinado de Ramiro I, tras el famoso Concilio de Jaca en el a\u00f1o 1063. Seg\u00fan testimonios de la \u00e9poca  se hab\u00eda llegado a un estado de corrupci\u00f3n tal que se hizo necesaria la reuni\u00f3n de obispos que estudiaran la situaci\u00f3n y adoptaran las medidas necesarias para encauzarlo en una direcci\u00f3n saludable. Un papel relevante fue el adoptado por Garc\u00eda, infante de Arag\u00f3n, y m\u00e1s tarde obispo de Huesca-Jaca. Sabemos que la di\u00f3cesis de Huesca era la di\u00f3cesis de Arag\u00f3n en \u00e9poca visigoda y que por la ocupaci\u00f3n \u00e1rabe fue suprimida. Ramiro I fund\u00f3 las sedes, primero en Sasave y despu\u00e9s en Jaca de forma provisional hasta que se liberara Huesca y pudiera taladarse definitivamente all\u00ed. Dos son los principales resultados del concilio de Jaca;\">Dos son los principales resultados del concilio de Jaca: restablecer la di\u00f3cesis de Huesca cuya sede provisional ser\u00e1 Jaca y restaurar c\u00e1nones. Los nuevos c\u00e1nones no debieron ser otros que los establecidos por el Concilio de Roma de 1059 referidos a la vida can\u00f3nica, al celibato de los cl\u00e9rigos, a la administraci\u00f3n por los obispos de diezmos y primicias, etc. De este Concilio eman\u00f3 reforzada la figura del obispo con plenos poderes adnistrativos y jur\u00eddicos, conforme a la impronta romana. No debi\u00f3 ser poco importante dada la situaci\u00f3n ca\u00f3tica anterior, con predominio de monasterios sobre las iglesias y parroquias mezclados con otros poderes.<br \/>\n<\/span><\/p>\n","protected":false},"excerpt":{"rendered":"<p>M\u00e1s importante fue la reforma eclesi\u00e1stica que se inici\u00f3 al final del reinado de Ramiro I, tras el famoso Concilio de Jaca en el a\u00f1o 1063. Seg\u00fan testimonios de la \u00e9poca\u00a0 se hab\u00eda llegado a un estado de corrupci\u00f3n tal que se hizo necesaria la reuni\u00f3n de obispos que estudiaran la situaci\u00f3n y adoptaran las &hellip;<\/p>\n<p class=\"read-more\"> <a class=\"\" href=\"http:\/\/layana.begueria.es\/?p=122\"> <span class=\"screen-reader-text\">EL CONCILIO DE JACA<\/span> Leer m\u00e1s &raquo;<\/a><\/p>\n","protected":false},"author":2,"featured_media":0,"comment_status":"open","ping_status":"open","sticky":false,"template":"","format":"standard","meta":{"_monsterinsights_skip_tracking":false,"_monsterinsights_sitenote_active":false,"_monsterinsights_sitenote_note":"","_monsterinsights_sitenote_category":0,"site-sidebar-layout":"","site-content-layout":"","ast-main-header-display":"","ast-hfb-above-header-display":"","ast-hfb-below-header-display":"","ast-hfb-mobile-header-display":"","site-post-title":"","ast-breadcrumbs-content":"","ast-featured-img":"","footer-sml-layout":"","theme-transparent-header-meta":"","adv-header-id-meta":"","stick-header-meta":"","header-above-stick-meta":"","header-main-stick-meta":"","header-below-stick-meta":"","footnotes":""},"categories":[10],"tags":[],"class_list":["post-122","post","type-post","status-publish","format-standard","hentry","category-layana-medieval"],"_links":{"self":[{"href":"http:\/\/layana.begueria.es\/index.php?rest_route=\/wp\/v2\/posts\/122","targetHints":{"allow":["GET"]}}],"collection":[{"href":"http:\/\/layana.begueria.es\/index.php?rest_route=\/wp\/v2\/posts"}],"about":[{"href":"http:\/\/layana.begueria.es\/index.php?rest_route=\/wp\/v2\/types\/post"}],"author":[{"embeddable":true,"href":"http:\/\/layana.begueria.es\/index.php?rest_route=\/wp\/v2\/users\/2"}],"replies":[{"embeddable":true,"href":"http:\/\/layana.begueria.es\/index.php?rest_route=%2Fwp%2Fv2%2Fcomments&post=122"}],"version-history":[{"count":8,"href":"http:\/\/layana.begueria.es\/index.php?rest_route=\/wp\/v2\/posts\/122\/revisions"}],"predecessor-version":[{"id":131,"href":"http:\/\/layana.begueria.es\/index.php?rest_route=\/wp\/v2\/posts\/122\/revisions\/131"}],"wp:attachment":[{"href":"http:\/\/layana.begueria.es\/index.php?rest_route=%2Fwp%2Fv2%2Fmedia&parent=122"}],"wp:term":[{"taxonomy":"category","embeddable":true,"href":"http:\/\/layana.begueria.es\/index.php?rest_route=%2Fwp%2Fv2%2Fcategories&post=122"},{"taxonomy":"post_tag","embeddable":true,"href":"http:\/\/layana.begueria.es\/index.php?rest_route=%2Fwp%2Fv2%2Ftags&post=122"}],"curies":[{"name":"wp","href":"https:\/\/api.w.org\/{rel}","templated":true}]}}