{"id":252,"date":"2011-04-16T17:32:14","date_gmt":"2011-04-16T17:32:14","guid":{"rendered":"http:\/\/layana.begueria.es\/?p=252"},"modified":"2011-10-11T11:00:15","modified_gmt":"2011-10-11T11:00:15","slug":"iglesias-cantuarienses","status":"publish","type":"post","link":"http:\/\/layana.begueria.es\/?p=252","title":{"rendered":"IGLESIAS CANTUARIENSES"},"content":{"rendered":"\n<div class=\"twitterbutton\" style=\"float: right; padding-left: 5px;\"><a href=\"http:\/\/twitter.com\/share\" class=\"twitter-share-button\" data-count=\"none\" data-text=\"IGLESIAS CANTUARIENSES\" data-via=\"mabegueriagmail.com\" data-url=\"http:\/\/layana.begueria.es\/?p=252\" data-lang=\"en\" data-related=\":Layana, un pueblo de Arag\u00f3n\"><\/a><\/div><p>Siempre me ha llamado la atenci\u00f3n que los layaneros, o quienes fueran responsables de la elecci\u00f3n, se inclinaran por un santo ingl\u00e9s a la hora de encontrar un santo patr\u00f3n. Por qu\u00e9 irse tan lejos cuando ten\u00edan tantos, tan a mano, tan cerca. Confieso, para empezar, que no se cu\u00e1ndo tuvo lugar la elecci\u00f3n aunque quiero creer que debi\u00f3 ser en el momento mismo de la consagraci\u00f3n de la iglesia. Tom\u00e1s Becket fue canonizado dos a\u00f1os despu\u00e9s de su muerte, un tiempo record, de lo que cabe deducir que su historia-leyenda alcanz\u00f3 desde muy pronto una gran expansi\u00f3n. El enfrentamiento contra la monarqu\u00eda y el martirio no dejaban de ser un poderoso argumento de propaganda del cristianismo, cuyos ecos llegar\u00edan hasta los rincones m\u00e1s escondidos, hasta Layana, sin ir m\u00e1s lejos. No olvidemos que la consagraci\u00f3n de la iglesia de Layana debi\u00f3 de ser pocos a\u00f1os despu\u00e9s de la canonizaci\u00f3n de nuestro patr\u00f3n. Hemos rastreado por la red buscando otras iglesias en Espa\u00f1a que se consagraron bajo la advocaci\u00f3n de Tom\u00e1s Becket y hemos encontrado unas cuantas, casi todas de la misma \u00e9poca que nuestro pueblo, lo que refuerza nuestra convicci\u00f3n de que Santo Tom\u00e1s preside el altar de la iglesia de Layana desde los inicios.<\/p>\n<p><!--more-->El nombre del patr\u00f3n de Layana para la historia es Tom\u00e1s Becket pero se le conoce tras su canonizaci\u00f3n de tres formas relacionadas: Tom\u00e1s de Canterbury, de Cantorbery o Cantuariense. Cantorbery es la forma castellanizada de Canterbury, importante ciudad inglesa no lejos de Londres. Cantuariense es voz espa\u00f1ola para denominar el gentilicio de los naturales de Canterbury.<\/p>\n<p>La ciudad de Canterbury es especialmente importante en la historia de Inglaterra, sobre todo desde el punto de vista religioso. En esta ciudad desembarco el misionero Agust\u00edn para convertir al cristianismo a los anglosajones. Desde entonces, Canterbury es el centro religioso de Inglaterra. All\u00ed reside el arzobispo primado. Como es natural, dados los tiempos a los que nos estamos refiriendo, religi\u00f3n y cultura estaban estrechamente unidas. La catedral se convirti\u00f3 en el m\u00e1s importante centro de peregrinaci\u00f3n de Gran Breta\u00f1a a donde acud\u00edan de todos los rincones para honrar al santo m\u00e1rtir y las historias de peregrinos fueron el fundamento de los \u201cCuentos de Canterbury\u201d de Geoffrey Chaucer, una de las primeras obras esenciales de la literatura inglesa.<\/p>\n<p>Relacionamos a continuaci\u00f3n las iglesias espa\u00f1olas que hemos encontrado bajo la advocaci\u00f3n de Santo Tom\u00e1s de Canterbury, Cantorbery o Cantuariense e incluimos, al final, alg\u00fan ejemplo de la abundante iconograf\u00eda del santo.<\/p>\n<p><strong> <\/strong><\/p>\n<ul>\n<li>En Avil\u00e9s, en el antiguo barrio de pescadores de Sabugo, actualmente zona de copas del casco viejo, existe una iglesia rom\u00e1nica construida a principios del siglo XIII, dedicada a Tom\u00e1s Becket. En nuestros d\u00edas se ha construido una nueva iglesia en estilo neog\u00f3tico, obra de Luis Bellido Gonz\u00e1lez, tambi\u00e9n dedicada al mismo santo. En la ciudad se la conoce como la nueva iglesia de Sabugo.<\/li>\n<li>Tambi\u00e9n bajo la misma advocaci\u00f3n encontramos una preciosa iglesia rom\u00e1nica en el casco viejo de Salamanca que se la conoce como la iglesia de Santo Tom\u00e1s Cantuariense. Cantuariense es el gentilicio de los naturales de Canterbury. Fue elevada\u00a0 en honor del Santo en 1175 por el empe\u00f1o de dos hermanos ingleses que ejerc\u00edan de maestros en la Escuela Catedralicia de Salamanca, precursora de su famosa Universidad, tres a\u00f1os despu\u00e9s de su canonizaci\u00f3n por el papa Alejandro III.\u00a0 Se dice que es la primera iglesia de la cristiandad bajo la advocaci\u00f3n de Santo Tom\u00e1s.<\/li>\n<li>En Caldas de Reis, provincia de Pontevedra existe una iglesia dedica a Santo Tom\u00e1s de Cantorbery. Se cuenta que Tom\u00e1s Becket, siendo arzobispo de Canterbury, peregrin\u00f3 a Santiago durante el a\u00f1o 1167 y pas\u00f3 una noche en esa localidad. Siete siglo m\u00e1s tarde y en recuerdo de esa efem\u00e9ride se construy\u00f3 una iglesia en su honor con las piedras de la torre\u00a0 medieval de la Reina Urraca que hab\u00eda sido cuna del rey Alfonso VII.<\/li>\n<li>En la provincia de Segovia se encuentra Vegas de Matute con una iglesia dedica a Santo\u00a0 Tom\u00e1s de Canterbury; es de estilo g\u00f3tico y fue construida a mediados del siglo XVI. Igual que Layana, Vegas de Matute celebra la festividad del d\u00eda 29 de diciembre como una de las principales fechas del a\u00f1o.<\/li>\n<li>En Toro, Zamora, descubrimos una iglesia conocida como iglesia de Santo Tom\u00e1s Cantuariense, fundada en 1162 y reconstruida en el siglo XVI. Evidentemente, no pudo ser consagrada en honor a Santo Tom\u00e1s en su origen puesto que Tom\u00e1s Becket no era santo por las fechas en las que se termin\u00f3 la iglesia.<\/li>\n<li>Otra iglesia dedicada a Santo Tom\u00e1s Becket es la de Alcab\u00f3n, municipio de la provincia de Toledo. El pueblo celebra su fiesta el 29 de diciembre, d\u00eda del Santo.<\/li>\n<\/ul>\n<p><strong> <\/strong><\/p>\n<p><strong> <\/strong><\/p>\n<p><a href=\"http:\/\/layana.begueria.es\/wordpress\/wp-content\/uploads\/2011\/04\/Imagen-02-Tomas-Becket1.jpg\"><img loading=\"lazy\" decoding=\"async\" class=\"alignleft size-medium wp-image-253\" title=\"Imagen 02 Tomas Becket\" src=\"http:\/\/layana.begueria.es\/wordpress\/wp-content\/uploads\/2011\/04\/Imagen-02-Tomas-Becket1-300x300.jpg\" alt=\"\" width=\"300\" height=\"300\" srcset=\"http:\/\/layana.begueria.es\/wordpress\/wp-content\/uploads\/2011\/04\/Imagen-02-Tomas-Becket1-300x300.jpg 300w, http:\/\/layana.begueria.es\/wordpress\/wp-content\/uploads\/2011\/04\/Imagen-02-Tomas-Becket1-150x150.jpg 150w, http:\/\/layana.begueria.es\/wordpress\/wp-content\/uploads\/2011\/04\/Imagen-02-Tomas-Becket1.jpg 320w\" sizes=\"auto, (max-width: 300px) 100vw, 300px\" \/><\/a>Imagen de la clave de b\u00f3veda de la nave central de la catedral de Exeter, en la pen\u00ednsula de Cornualles, Inglaterra. En la imagen tenemos al Santo, de rodillas justo en el momento de la ejecuci\u00f3n, los cuatro caballeros que perpetraron su muerte y un can\u00f3nigo testigo del suceso. Es un ejemplo espl\u00e9ndido de composici\u00f3n de grupo en un formato circular de clave de b\u00f3veda. Para ilustrar mejor la escena, acompa\u00f1a a los personajes la mitra arzobispal, una cruz y un altar que hacen referencia al lugar en el que tuvieron lugar los hechos. La policrom\u00eda procede de la restauraci\u00f3n que se hizo en tiempo reciente, aunque originalmente estuvo policromada.<\/p>\n<p>&nbsp;<\/p>\n<p>&nbsp;<\/p>\n<p>&nbsp;<\/p>\n<p>&nbsp;<\/p>\n<p>&nbsp;<\/p>\n<p>&nbsp;<\/p>\n<p><a href=\"http:\/\/layana.begueria.es\/wordpress\/wp-content\/uploads\/2011\/04\/Muerte.jpg\"><img loading=\"lazy\" decoding=\"async\" class=\"alignleft size-medium wp-image-254\" title=\"Muerte\" src=\"http:\/\/layana.begueria.es\/wordpress\/wp-content\/uploads\/2011\/04\/Muerte-298x300.jpg\" alt=\"\" width=\"298\" height=\"300\" srcset=\"http:\/\/layana.begueria.es\/wordpress\/wp-content\/uploads\/2011\/04\/Muerte-298x300.jpg 298w, http:\/\/layana.begueria.es\/wordpress\/wp-content\/uploads\/2011\/04\/Muerte-150x150.jpg 150w, http:\/\/layana.begueria.es\/wordpress\/wp-content\/uploads\/2011\/04\/Muerte.jpg 398w\" sizes=\"auto, (max-width: 298px) 100vw, 298px\" \/><\/a><\/p>\n<p>&nbsp;<\/p>\n<p>&nbsp;<\/p>\n<p>&nbsp;<\/p>\n<p>&nbsp;<\/p>\n<p>&nbsp;<\/p>\n<p>&nbsp;<\/p>\n<p>&nbsp;<\/p>\n<p>&nbsp;<\/p>\n<p>&nbsp;<\/p>\n<p>&nbsp;<\/p>\n<p>Escena de la muerte de Tom\u00e1s Becket, pintada en tabla.<\/p>\n<p>&nbsp;<\/p>\n<p>&nbsp;<\/p>\n<p><a href=\"http:\/\/layana.begueria.es\/wordpress\/wp-content\/uploads\/2011\/04\/St.-Thomas-Becket-a-la-derecha-se-enfrenta-el-Rey-Henry-II-en-un-litigio.jpg\"><img loading=\"lazy\" decoding=\"async\" class=\"alignleft size-medium wp-image-255\" title=\"St. Thomas Becket, a la derecha, se enfrenta el Rey Henry II en un litigio\" src=\"http:\/\/layana.begueria.es\/wordpress\/wp-content\/uploads\/2011\/04\/St.-Thomas-Becket-a-la-derecha-se-enfrenta-el-Rey-Henry-II-en-un-litigio-300x239.jpg\" alt=\"\" width=\"300\" height=\"239\" srcset=\"http:\/\/layana.begueria.es\/wordpress\/wp-content\/uploads\/2011\/04\/St.-Thomas-Becket-a-la-derecha-se-enfrenta-el-Rey-Henry-II-en-un-litigio-300x239.jpg 300w, http:\/\/layana.begueria.es\/wordpress\/wp-content\/uploads\/2011\/04\/St.-Thomas-Becket-a-la-derecha-se-enfrenta-el-Rey-Henry-II-en-un-litigio-150x119.jpg 150w, http:\/\/layana.begueria.es\/wordpress\/wp-content\/uploads\/2011\/04\/St.-Thomas-Becket-a-la-derecha-se-enfrenta-el-Rey-Henry-II-en-un-litigio.jpg 400w\" sizes=\"auto, (max-width: 300px) 100vw, 300px\" \/><\/a><\/p>\n<p>&nbsp;<\/p>\n<p>&nbsp;<\/p>\n<p>&nbsp;<\/p>\n<p>&nbsp;<\/p>\n<p>&nbsp;<\/p>\n<p>&nbsp;<\/p>\n<p>&nbsp;<\/p>\n<p>&nbsp;<\/p>\n<p>Deliciosa miniatura en la que se representa a Tom\u00e1s Becket y el Rey Enrique enzarzados en una discusi\u00f3n.<\/p>\n<p>&nbsp;<\/p>\n<p><a href=\"http:\/\/layana.begueria.es\/wordpress\/wp-content\/uploads\/2011\/04\/thomas-becket-canterbury-cathedral.jpg\"><img loading=\"lazy\" decoding=\"async\" class=\"alignleft size-full wp-image-256\" title=\"thomas-becket-canterbury-cathedral\" src=\"http:\/\/layana.begueria.es\/wordpress\/wp-content\/uploads\/2011\/04\/thomas-becket-canterbury-cathedral.jpg\" alt=\"\" width=\"187\" height=\"216\" srcset=\"http:\/\/layana.begueria.es\/wordpress\/wp-content\/uploads\/2011\/04\/thomas-becket-canterbury-cathedral.jpg 187w, http:\/\/layana.begueria.es\/wordpress\/wp-content\/uploads\/2011\/04\/thomas-becket-canterbury-cathedral-129x150.jpg 129w\" sizes=\"auto, (max-width: 187px) 100vw, 187px\" \/><\/a><\/p>\n<p>&nbsp;<\/p>\n<p>&nbsp;<\/p>\n<p>&nbsp;<\/p>\n<p>&nbsp;<\/p>\n<p>&nbsp;<\/p>\n<p>&nbsp;<\/p>\n<p>&nbsp;<\/p>\n<p>La catedral g\u00f3tica de Canterbury es conocida, entre otras cosas, por sus magn\u00edficos vitrales. La imagen es la de una vidriera que presenta la imagen del santo.<\/p>\n","protected":false},"excerpt":{"rendered":"<p>Siempre me ha llamado la atenci\u00f3n que los layaneros, o quienes fueran responsables de la elecci\u00f3n, se inclinaran por un santo ingl\u00e9s a la hora de encontrar un santo patr\u00f3n. Por qu\u00e9 irse tan lejos cuando ten\u00edan tantos, tan a mano, tan cerca. Confieso, para empezar, que no se cu\u00e1ndo tuvo lugar la elecci\u00f3n aunque &hellip;<\/p>\n<p class=\"read-more\"> <a class=\"\" href=\"http:\/\/layana.begueria.es\/?p=252\"> <span class=\"screen-reader-text\">IGLESIAS CANTUARIENSES<\/span> Leer m\u00e1s &raquo;<\/a><\/p>\n","protected":false},"author":2,"featured_media":0,"comment_status":"open","ping_status":"open","sticky":false,"template":"","format":"standard","meta":{"_monsterinsights_skip_tracking":false,"_monsterinsights_sitenote_active":false,"_monsterinsights_sitenote_note":"","_monsterinsights_sitenote_category":0,"site-sidebar-layout":"","site-content-layout":"","ast-main-header-display":"","ast-hfb-above-header-display":"","ast-hfb-below-header-display":"","ast-hfb-mobile-header-display":"","site-post-title":"","ast-breadcrumbs-content":"","ast-featured-img":"","footer-sml-layout":"","theme-transparent-header-meta":"","adv-header-id-meta":"","stick-header-meta":"","header-above-stick-meta":"","header-main-stick-meta":"","header-below-stick-meta":"","footnotes":""},"categories":[6],"tags":[],"class_list":["post-252","post","type-post","status-publish","format-standard","hentry","category-tradiciones-y-leyendas"],"_links":{"self":[{"href":"http:\/\/layana.begueria.es\/index.php?rest_route=\/wp\/v2\/posts\/252","targetHints":{"allow":["GET"]}}],"collection":[{"href":"http:\/\/layana.begueria.es\/index.php?rest_route=\/wp\/v2\/posts"}],"about":[{"href":"http:\/\/layana.begueria.es\/index.php?rest_route=\/wp\/v2\/types\/post"}],"author":[{"embeddable":true,"href":"http:\/\/layana.begueria.es\/index.php?rest_route=\/wp\/v2\/users\/2"}],"replies":[{"embeddable":true,"href":"http:\/\/layana.begueria.es\/index.php?rest_route=%2Fwp%2Fv2%2Fcomments&post=252"}],"version-history":[{"count":11,"href":"http:\/\/layana.begueria.es\/index.php?rest_route=\/wp\/v2\/posts\/252\/revisions"}],"predecessor-version":[{"id":264,"href":"http:\/\/layana.begueria.es\/index.php?rest_route=\/wp\/v2\/posts\/252\/revisions\/264"}],"wp:attachment":[{"href":"http:\/\/layana.begueria.es\/index.php?rest_route=%2Fwp%2Fv2%2Fmedia&parent=252"}],"wp:term":[{"taxonomy":"category","embeddable":true,"href":"http:\/\/layana.begueria.es\/index.php?rest_route=%2Fwp%2Fv2%2Fcategories&post=252"},{"taxonomy":"post_tag","embeddable":true,"href":"http:\/\/layana.begueria.es\/index.php?rest_route=%2Fwp%2Fv2%2Ftags&post=252"}],"curies":[{"name":"wp","href":"https:\/\/api.w.org\/{rel}","templated":true}]}}