{"id":353,"date":"2021-09-13T18:18:25","date_gmt":"2021-09-13T18:18:25","guid":{"rendered":"http:\/\/layana.begueria.es\/?p=353"},"modified":"2021-10-11T17:48:46","modified_gmt":"2021-10-11T17:48:46","slug":"layana-pueblos-vaciados-iii","status":"publish","type":"post","link":"http:\/\/layana.begueria.es\/?p=353","title":{"rendered":"LAYANA.- PUEBLOS VACIADOS- III"},"content":{"rendered":"\n<div class=\"twitterbutton\" style=\"float: right; padding-left: 5px;\"><a href=\"http:\/\/twitter.com\/share\" class=\"twitter-share-button\" data-count=\"none\" data-text=\"LAYANA.- PUEBLOS VACIADOS- III\" data-via=\"mabegueriagmail.com\" data-url=\"http:\/\/layana.begueria.es\/?p=353\" data-lang=\"en\" data-related=\":Layana, un pueblo de Arag\u00f3n\"><\/a><\/div>\n<figure class=\"wp-block-image size-full\"><a href=\"http:\/\/layana.begueria.es\/wordpress\/wp-content\/uploads\/2010\/12\/cropped-WEBCABECERA.jpg\"><img loading=\"lazy\" decoding=\"async\" width=\"940\" height=\"198\" src=\"http:\/\/layana.begueria.es\/wordpress\/wp-content\/uploads\/2010\/12\/cropped-WEBCABECERA.jpg\" alt=\"\" class=\"wp-image-20\" srcset=\"http:\/\/layana.begueria.es\/wordpress\/wp-content\/uploads\/2010\/12\/cropped-WEBCABECERA.jpg 940w, http:\/\/layana.begueria.es\/wordpress\/wp-content\/uploads\/2010\/12\/cropped-WEBCABECERA-300x63.jpg 300w\" sizes=\"auto, (max-width: 940px) 100vw, 940px\" \/><\/a><figcaption>Layana<\/figcaption><\/figure>\n\n\n\n<p>La poblaci\u00f3n de los pueblos disminuye. Todo el que puede se va a buscar trabajo a la ciudad y vuelve el fin de semana al pueblo con aires de haber subido un tramo en la escala social. Es cierto que en el pueblo no hab\u00eda trabajo o, al menos, un trabajo que le proporcionara un sueldo como en la ciudad. Bueno, llegamos a la conclusi\u00f3n que el pueblo repele a sus vecinos.&nbsp;<\/p>\n\n\n\n<p>Cambiemos la perspectiva. Tambi\u00e9n repele a los que van a trabajar, a los que encuentran su modo de vida en ellos. Quienes son estos, os pregunt\u00e1is? En S\u00e1daba hay un instituto con los dos primeros cursos de la ESO al que acuden los ni\u00f1os de los pueblos m\u00e1s cercanos. Pasemos por alto, de momento, el hecho de que alg\u00fan pueblo lleve los ni\u00f1os y ni\u00f1as a Ejea antes que a S\u00e1daba aun estando esta localidad m\u00e1s cercana a esta \u00faltima por el efecto \u201cpueblo m\u00e1s grande, pueblo m\u00e1s importante\u201d. No es nuestro asunto de momento.<\/p>\n\n\n\n<p>Los profesores del instituto, creo que en su totalidad, residen en Zaragoza y recorren cada d\u00eda los 100 Km. de ida m\u00e1s los de vuelta que les separan de sus residencias. Ejea tiene dos institutos y los profesores, casi en su totalidad residen en Zaragoza y como los de S\u00e1daba recorren diariamente dos veces los 80 Km desde sus casas a su trabajo.<\/p>\n\n\n\n<p>El Centro M\u00e9dico de S\u00e1daba est\u00e1 atendido por m\u00e9dicos que viajan todos los d\u00edas los 100 km. para trabajar en el pueblo. Sospecho que pasa lo mismo con los m\u00e9dicos del hospital de Ejea de los Caballeros. En el caso de los m\u00e9dicos se llegan a situaciones tan disparatadas que hay problemas para que vayan a hospitales de capitales de provincia como Teruel o Huesca. Todo esto ronda la locura.<\/p>\n\n\n\n<p>El autor de estas l\u00edneas, profesor de instituto, ha sido durante muchos a\u00f1os corresponsal de su centro en una red educativa europea en la que estaba representado un centro de cada pa\u00eds de la Uni\u00f3n Europea. Por esta raz\u00f3n ha viajado a muchos pa\u00edses y ha compartido casa y experiencias con profesores de todos los pa\u00edses europeos. Y ha observado que, m\u00e1s en el centro y norte de Europa, ocurre todo lo contrario de lo que acabamos de describir. Los profesionales viven en pueblos m\u00e1s o menos cercanos a la ciudad en la que se encuentra su centro de trabajo. Huyen del ajetreo de la ciudad y les encanta la tranquilidad de los pueblos. La vivienda en los pueblos es fant\u00e1stica porque pueden comprar y adaptar viviendas con un tama\u00f1o y comodidades imposible de encontrar en la ciudad con sus salarios.<\/p>\n\n\n\n<p>Y esto nos obliga a preguntarnos: Como se explica esta actitud de rechazo a los pueblos que observamos en profesores y sanitarios aqu\u00ed, en Arag\u00f3n, por no decir en toda Espa\u00f1a? Hay casos que podemos entender. Madres que necesitan volver al domicilio familiar porque tienen hijos peque\u00f1os. Y seguramente encontraremos otros casos excepcionales tan dignos como este. Pero seguimos pregunt\u00e1ndonos: qu\u00e9 hace que el lugar de trabajo sea solo eso, lugar de trabajo? Por qu\u00e9 no hay ning\u00fan atractivo que invite a residir aunque sea durante la semana? Qu\u00e9 falla para que el pueblo no atraiga lo suficiente como para disfrutar un poco de \u00e9l. Porque se dan casos de profesores o m\u00e9dicos que despu\u00e9s de un tiempo de trabajar en los pueblos no saben nada de ellos, de sus calles, de su historia. Casi, ni de sus gentes.<\/p>\n\n\n\n<p>Estoy seguro de que muchos lo van a negar pero yo pienso que un m\u00e9dico no atiende \u201csolo\u201d enfermedades, sino primariamente a enfermos. Y los enfermos son personas en un contexto familiar y social, en un entorno geogr\u00e1fico, etc. Y la mejor manera de conocer todo esto es viviendo en ese ambiente. Hace sesenta a\u00f1os el m\u00e9dico, el practicante viv\u00edan en el pueblo y era impensable que fuera de otra manera. El m\u00e9dico era uno m\u00e1s, muy cualificado, eso s\u00ed.&nbsp;<\/p>\n\n\n\n<p>Pero hay que reconocerlo. Los pueblos no ofrecen alicientes para residir en ellos a menos que seas de all\u00ed. Y, ciertamente, encontramos razones para huir de los pueblos sin rompernos demasiado la cabeza. En esta entrada vamos a centrarnos en los problemas de vivienda pero aparecer\u00e1n otros a medida que avance el an\u00e1lisis.<\/p>\n\n\n\n<p>Los vecinos residentes se han hecho con una buena vivienda. Los visitantes de fin de semana tambi\u00e9n tienen buenos alojamientos porque han ido arreglando las viviendas de sus padres o abuelos. Pero si alg\u00fan trabajador, del tipo que sea, temporal o permanente, quiere alojarse en una vivienda digna en la que no haya que invertir demasiado porque la estancia puede no ser muy larga, qu\u00e9 puede encontrar? Lo va a tener muy dif\u00edcil porque no hay viviendas de esas caracter\u00edsticas. Hay una carencia b\u00e1sica de vivienda.<\/p>\n\n\n\n<p>Recuerdo que hace unos a\u00f1os, un alcalde de Layana avanz\u00f3 el proyecto de construir unas viviendas sociales para todo aquel que quisiera vivir total o temporalmente en el pueblo. La idea no progres\u00f3. No conozco las razones. Seguramente fueron dificultades econ\u00f3micas, de rentabilidad y miedo al endeudamiento del Ayuntamiento. Pero cualquiera de ellas es significativa y paradigm\u00e1tica de las iniciativas de las autoridades en los pueblos y la soledad con la que se han encontrado para idear y aportar soluciones.<\/p>\n\n\n\n<p>Quiz\u00e1s alguien se le ocurra pensar: y t\u00fa, por qu\u00e9 no has residido en pueblos? Es el argumento \u201cad hominem\u201d tan frecuente en discusiones de Twiter. Yo no he vivido en pueblos porque nunca he trabajado en pueblos. Y siempre he buscado con mi esposa, tambi\u00e9n docente, la mejor soluci\u00f3n para la conciliaci\u00f3n familiar, por encima de otras consideraciones. Y creo que si la conciliaci\u00f3n me hubiera dado la posibilidad de vivir en un pueblo, pienso que habr\u00eda vivido en un pueblo.<\/p>\n","protected":false},"excerpt":{"rendered":"<p>La poblaci\u00f3n de los pueblos disminuye. Todo el que puede se va a buscar trabajo a la ciudad y vuelve el fin de semana al pueblo con aires de haber subido un tramo en la escala social. Es cierto que en el pueblo no hab\u00eda trabajo o, al menos, un trabajo que le proporcionara un &hellip;<\/p>\n<p class=\"read-more\"> <a class=\"\" href=\"http:\/\/layana.begueria.es\/?p=353\"> <span class=\"screen-reader-text\">LAYANA.- PUEBLOS VACIADOS- III<\/span> Leer m\u00e1s &raquo;<\/a><\/p>\n","protected":false},"author":2,"featured_media":0,"comment_status":"open","ping_status":"open","sticky":false,"template":"","format":"standard","meta":{"_monsterinsights_skip_tracking":false,"_monsterinsights_sitenote_active":false,"_monsterinsights_sitenote_note":"","_monsterinsights_sitenote_category":0,"site-sidebar-layout":"default","site-content-layout":"default","ast-main-header-display":"","ast-hfb-above-header-display":"","ast-hfb-below-header-display":"","ast-hfb-mobile-header-display":"","site-post-title":"","ast-breadcrumbs-content":"","ast-featured-img":"","footer-sml-layout":"","theme-transparent-header-meta":"default","adv-header-id-meta":"","stick-header-meta":"","header-above-stick-meta":"","header-main-stick-meta":"","header-below-stick-meta":"","footnotes":""},"categories":[44],"tags":[],"class_list":["post-353","post","type-post","status-publish","format-standard","hentry","category-opinion-y-mas"],"_links":{"self":[{"href":"http:\/\/layana.begueria.es\/index.php?rest_route=\/wp\/v2\/posts\/353","targetHints":{"allow":["GET"]}}],"collection":[{"href":"http:\/\/layana.begueria.es\/index.php?rest_route=\/wp\/v2\/posts"}],"about":[{"href":"http:\/\/layana.begueria.es\/index.php?rest_route=\/wp\/v2\/types\/post"}],"author":[{"embeddable":true,"href":"http:\/\/layana.begueria.es\/index.php?rest_route=\/wp\/v2\/users\/2"}],"replies":[{"embeddable":true,"href":"http:\/\/layana.begueria.es\/index.php?rest_route=%2Fwp%2Fv2%2Fcomments&post=353"}],"version-history":[{"count":2,"href":"http:\/\/layana.begueria.es\/index.php?rest_route=\/wp\/v2\/posts\/353\/revisions"}],"predecessor-version":[{"id":1211,"href":"http:\/\/layana.begueria.es\/index.php?rest_route=\/wp\/v2\/posts\/353\/revisions\/1211"}],"wp:attachment":[{"href":"http:\/\/layana.begueria.es\/index.php?rest_route=%2Fwp%2Fv2%2Fmedia&parent=353"}],"wp:term":[{"taxonomy":"category","embeddable":true,"href":"http:\/\/layana.begueria.es\/index.php?rest_route=%2Fwp%2Fv2%2Fcategories&post=353"},{"taxonomy":"post_tag","embeddable":true,"href":"http:\/\/layana.begueria.es\/index.php?rest_route=%2Fwp%2Fv2%2Ftags&post=353"}],"curies":[{"name":"wp","href":"https:\/\/api.w.org\/{rel}","templated":true}]}}