{"id":90,"date":"2011-01-06T12:23:15","date_gmt":"2011-01-06T12:23:15","guid":{"rendered":"http:\/\/layana.begueria.es\/?p=90"},"modified":"2011-01-06T16:50:33","modified_gmt":"2011-01-06T16:50:33","slug":"edad-media","status":"publish","type":"post","link":"http:\/\/layana.begueria.es\/?p=90","title":{"rendered":"EDAD MEDIA"},"content":{"rendered":"\n<div class=\"twitterbutton\" style=\"float: right; padding-left: 5px;\"><a href=\"http:\/\/twitter.com\/share\" class=\"twitter-share-button\" data-count=\"none\" data-text=\"EDAD MEDIA\" data-via=\"mabegueriagmail.com\" data-url=\"http:\/\/layana.begueria.es\/?p=90\" data-lang=\"en\" data-related=\":Layana, un pueblo de Arag\u00f3n\"><\/a><\/div><p><span style=\"font-size: x-medium;\"><a href=\"http:\/\/layana.begueria.es\/wordpress\/wp-content\/uploads\/2011\/01\/Layana.jpg\"><img loading=\"lazy\" decoding=\"async\" class=\"alignleft size-medium wp-image-117\" title=\"Layana\" src=\"http:\/\/layana.begueria.es\/wordpress\/wp-content\/uploads\/2011\/01\/Layana-255x300.jpg\" alt=\"\" width=\"255\" height=\"300\" srcset=\"http:\/\/layana.begueria.es\/wordpress\/wp-content\/uploads\/2011\/01\/Layana-255x300.jpg 255w, http:\/\/layana.begueria.es\/wordpress\/wp-content\/uploads\/2011\/01\/Layana-127x150.jpg 127w, http:\/\/layana.begueria.es\/wordpress\/wp-content\/uploads\/2011\/01\/Layana.jpg 761w\" sizes=\"auto, (max-width: 255px) 100vw, 255px\" \/><\/a>La existencia de Layana se remonta al final del siglo XI, seg\u00fan Guitart Aparicio (Zaragoza, 1966), cuando Sancho Ram\u00edrez fund\u00f3 una serie de castillos para defensa de la frontera. <\/span><\/p>\n<p><span style=\"font-size: x-medium;\">El primer documento que conocemos en el que se nombra Layana es de 1186. En \u00e9l se confirma la libre posesi\u00f3n de la torre de Layana en favor de Sancho de Biota. La concesi\u00f3n se hace por Alfonso II y se firma en Uncastillo. Sancho de Biota es en ese tiempo prior de Santa Mar\u00eda, iglesia principal de dicha poblaci\u00f3n y del arciprestazgo de la Valdonsella, dependientes ambos de la sede metropolitana de Pamplona. En este estudio se pretende describir, aunque s\u00f3lo sea a modo de conjetura, el status de Layana, la torre e iglesia, anteriores y distintos de los que conocemos actualmente, as\u00ed como su probable peque\u00f1a poblaci\u00f3n. <\/span><\/p>\n<p><span style=\"font-size: x-medium;\">El segundo documento alusivo a Layana refleja la donaci\u00f3n a la orden de Santa Cristina de \u201cuna casa en el castillo de Layana\u201d por Domingo P\u00e9rez de Biota y su esposa Florenza, siendo testigo de dicho acto\u00a0el prior de la comunidad de Puilampa Sancho de Sezera. Corr\u00eda el a\u00f1o 1193. Layana estuvo ligada al hospital de Santa Cristina. Es muy probable que la iglesia de Layana fuera propiedad de Santa Mar\u00eda de Uncastillo, como se ha dicho antes, y m\u00e1s adelante pasara a la de Santa Cristina, como afirma Abbad R\u00edos, aunque sin aportar documento alguno, interpretando el s\u00edmbolo de la mano en adem\u00e1n de bendecir que figura en el t\u00edmpano de la portada de la actual iglesia como s\u00edmbolo hospitalario. Aunque no fuera as\u00ed, ya hemos visto que se da una evidente relaci\u00f3n entre Layana y Santa Cristina, relaci\u00f3n, por otra parte, que se extiende a muchos otros lugares de Cinco Villas como Biota, Sora, Castej\u00f3n de Valdejasa, Ejea, y otros muchos. Nos ha parecido interesante, pues, ofrecer una breve rese\u00f1a del Hospital de Santa Cristina de Somport y m\u00e1s tarde Orden de Santa Cristina, extra\u00edda de la obra de Antonio Dur\u00e1n Gudiol (Zaragoza, 1986) que nos acerca al conocimiento de instituciones y modos de vida representativos de esa \u00e9poca en relaci\u00f3n con nuestro pueblo.\u00a0Es posible que no tenga nada que ver, pero ser\u00eda una curiosa casualidad que la acequia principal del riegos que llega hasta las puertas mismas del pueblo reciba el nombre de acequia de Santa Cristina.<\/span><\/p>\n<p><span style=\"font-size: x-medium;\">En 1348 Juan Xim\u00e9nez de Urrea, seg\u00fan Guitart Aparicio citando a Zurita, (Op. cit.) posee la torre de Layana. La familia Xim\u00e9nez de Urrea, muy ligada a Biota, formaba parte de la alta nobleza y mantuvo durante los siglos XIII y XIV un gran protagonismo en la defensa de la monarqu\u00eda una veces y contra ella en el bando de la Uni\u00f3n, otras. Precisamente Juan Xim\u00e9nez de Urrea muri\u00f3 en la batalla de \u00c9pila en 1348 cuando Pedro IV definitivamente venci\u00f3 a la Uni\u00f3n de nobles. <\/span><\/p>\n<p><span style=\"font-size: x-medium;\">En 1412, Juan de Ses\u00e9 era se\u00f1or de Layana. Se dice que este personaje era partidario del conde de Urgell. <\/span><\/p>\n","protected":false},"excerpt":{"rendered":"<p>La existencia de Layana se remonta al final del siglo XI, seg\u00fan Guitart Aparicio (Zaragoza, 1966), cuando Sancho Ram\u00edrez fund\u00f3 una serie de castillos para defensa de la frontera. El primer documento que conocemos en el que se nombra Layana es de 1186. En \u00e9l se confirma la libre posesi\u00f3n de la torre de Layana &hellip;<\/p>\n<p class=\"read-more\"> <a class=\"\" href=\"http:\/\/layana.begueria.es\/?p=90\"> <span class=\"screen-reader-text\">EDAD MEDIA<\/span> Leer m\u00e1s &raquo;<\/a><\/p>\n","protected":false},"author":2,"featured_media":0,"comment_status":"open","ping_status":"open","sticky":false,"template":"","format":"standard","meta":{"_monsterinsights_skip_tracking":false,"_monsterinsights_sitenote_active":false,"_monsterinsights_sitenote_note":"","_monsterinsights_sitenote_category":0,"site-sidebar-layout":"","site-content-layout":"","ast-main-header-display":"","ast-hfb-above-header-display":"","ast-hfb-below-header-display":"","ast-hfb-mobile-header-display":"","site-post-title":"","ast-breadcrumbs-content":"","ast-featured-img":"","footer-sml-layout":"","theme-transparent-header-meta":"","adv-header-id-meta":"","stick-header-meta":"","header-above-stick-meta":"","header-main-stick-meta":"","header-below-stick-meta":"","footnotes":""},"categories":[10],"tags":[],"class_list":["post-90","post","type-post","status-publish","format-standard","hentry","category-layana-medieval"],"_links":{"self":[{"href":"http:\/\/layana.begueria.es\/index.php?rest_route=\/wp\/v2\/posts\/90","targetHints":{"allow":["GET"]}}],"collection":[{"href":"http:\/\/layana.begueria.es\/index.php?rest_route=\/wp\/v2\/posts"}],"about":[{"href":"http:\/\/layana.begueria.es\/index.php?rest_route=\/wp\/v2\/types\/post"}],"author":[{"embeddable":true,"href":"http:\/\/layana.begueria.es\/index.php?rest_route=\/wp\/v2\/users\/2"}],"replies":[{"embeddable":true,"href":"http:\/\/layana.begueria.es\/index.php?rest_route=%2Fwp%2Fv2%2Fcomments&post=90"}],"version-history":[{"count":5,"href":"http:\/\/layana.begueria.es\/index.php?rest_route=\/wp\/v2\/posts\/90\/revisions"}],"predecessor-version":[{"id":119,"href":"http:\/\/layana.begueria.es\/index.php?rest_route=\/wp\/v2\/posts\/90\/revisions\/119"}],"wp:attachment":[{"href":"http:\/\/layana.begueria.es\/index.php?rest_route=%2Fwp%2Fv2%2Fmedia&parent=90"}],"wp:term":[{"taxonomy":"category","embeddable":true,"href":"http:\/\/layana.begueria.es\/index.php?rest_route=%2Fwp%2Fv2%2Fcategories&post=90"},{"taxonomy":"post_tag","embeddable":true,"href":"http:\/\/layana.begueria.es\/index.php?rest_route=%2Fwp%2Fv2%2Ftags&post=90"}],"curies":[{"name":"wp","href":"https:\/\/api.w.org\/{rel}","templated":true}]}}