{"id":97,"date":"2011-01-06T12:29:58","date_gmt":"2011-01-06T12:29:58","guid":{"rendered":"http:\/\/layana.begueria.es\/?p=97"},"modified":"2011-01-07T17:43:21","modified_gmt":"2011-01-07T17:43:21","slug":"las-iglesias-y-su-organizacion","status":"publish","type":"post","link":"http:\/\/layana.begueria.es\/?p=97","title":{"rendered":"LAS IGLESIAS Y SU ORGANIZACI\u00d3N"},"content":{"rendered":"\n<div class=\"twitterbutton\" style=\"float: right; padding-left: 5px;\"><a href=\"http:\/\/twitter.com\/share\" class=\"twitter-share-button\" data-count=\"none\" data-text=\"LAS IGLESIAS Y SU ORGANIZACI\u00d3N\" data-via=\"mabegueriagmail.com\" data-url=\"http:\/\/layana.begueria.es\/?p=97\" data-lang=\"en\" data-related=\":Layana, un pueblo de Arag\u00f3n\"><\/a><\/div><p><span style=\"font-size: x-Probablemente, la propiedad de la torre de Layana conllevaba tambi\u00e9n la propiedad de la iglesia. La estructura religiosa en la Edad Media era muy diferente a la actual. Hoy d\u00eda la Iglesia, dirigida por el Papa, se divide en di\u00f3cesis y \u00e9stas en parroquias. Al cargo de la di\u00f3cesis est\u00e1n los obispos y de las parroquias los p\u00e1rrocos. En la Edad Media, la iglesia o templo, como constitu\u00eda la entidad que estructuraba religiosamente la poblaci\u00f3n, seg\u00fan ense\u00f1a Antonio Dur\u00e1n Gudiol;\"> <\/span><\/p>\n<figure id=\"attachment_115\" aria-describedby=\"caption-attachment-115\" style=\"width: 300px\" class=\"wp-caption alignleft\"><a href=\"http:\/\/layana.begueria.es\/wordpress\/wp-content\/uploads\/2011\/01\/Iglesia.jpg\"><img loading=\"lazy\" decoding=\"async\" class=\"size-medium wp-image-115\" title=\"Iglesia\" src=\"http:\/\/layana.begueria.es\/wordpress\/wp-content\/uploads\/2011\/01\/Iglesia-300x225.jpg\" alt=\"\" width=\"300\" height=\"225\" srcset=\"http:\/\/layana.begueria.es\/wordpress\/wp-content\/uploads\/2011\/01\/Iglesia-300x225.jpg 300w, http:\/\/layana.begueria.es\/wordpress\/wp-content\/uploads\/2011\/01\/Iglesia-1024x768.jpg 1024w, http:\/\/layana.begueria.es\/wordpress\/wp-content\/uploads\/2011\/01\/Iglesia-150x112.jpg 150w, http:\/\/layana.begueria.es\/wordpress\/wp-content\/uploads\/2011\/01\/Iglesia.jpg 1280w\" sizes=\"auto, (max-width: 300px) 100vw, 300px\" \/><\/a><figcaption id=\"caption-attachment-115\" class=\"wp-caption-text\">Iglesia<\/figcaption><\/figure>\n<p>Probablemente, la propiedad de la torre de Layana conllevaba tambi\u00e9n la propiedad de la iglesia. La estructura religiosa en la Edad Media era muy diferente a la actual. Hoy d\u00eda la Iglesia, dirigida por el Papa, se divide en di\u00f3cesis y \u00e9stas en parroquias. Al cargo de la di\u00f3cesis est\u00e1n los obispos y de las parroquias los p\u00e1rrocos. En la Edad Media, la iglesia o templo constitu\u00eda la entidad que estructuraba religiosamente la poblaci\u00f3n, seg\u00fan ense\u00f1a Antonio Dur\u00e1n Gudiol; es decir, la gente no se agrupaba en una parroquia en el sentido territorial, sino alrededor de un templo. El templo se constru\u00eda, si no hab\u00eda problemas de roces con los vecinos y a \u00e9l se adscrib\u00eda una determinada poblaci\u00f3n que pagaba los diezmos de sus cosechas, etc. y a cambio recib\u00eda asistencia espiritual. Estas iglesias, a su vez, pod\u00edan ser propiedad del rey, de particulares o de monasterios, obispos, u otras dignidades eclesi\u00e1sticas que a su vez pod\u00edan pertenecer a otros monasterios, etc.<\/p>\n<p><!--more--><\/p>\n<p><span style=\"font-size: x-Probablemente, la propiedad de la torre de Layana conllevaba tambi\u00e9n la propiedad de la iglesia. La estructura religiosa en la Edad Media era muy diferente a la actual. Hoy d\u00eda la Iglesia, dirigida por el Papa, se divide en di\u00f3cesis y \u00e9stas en parroquias. Al cargo de la di\u00f3cesis est\u00e1n los obispos y de las parroquias los p\u00e1rrocos. En la Edad Media, la iglesia o templo, como constitu\u00eda la entidad que estructuraba religiosamente la poblaci\u00f3n, seg\u00fan ense\u00f1a Antonio Dur\u00e1n Gudiol;\">As\u00ed pues, el sacerdote encargado de una iglesia no era casi nunca el propietario de esa iglesia sino solamente su administrador o poseedor interino en arriendo. Las iglesias, en el siglo XI, pod\u00edan ser objeto de cambios, de venta, de herencia, etc. igual que cualquier otro bien. Podemos imaginar los delitos de simon\u00eda y las conductas poco edificantes que se dar\u00edan en esa \u00e9poca. Fue precisamente el Concilio de Roma celebrado en 1059 el que se encarg\u00f3 de poner freno a todos estos desmanes, prohibiendo, entre otras cosas, que los cl\u00e9rigos puedan recibir iglesias en propiedad de manos de seglares.<\/span><\/p>\n<p><span style=\"font-size: x-Probablemente, la propiedad de la torre de Layana conllevaba tambi\u00e9n la propiedad de la iglesia. La estructura religiosa en la Edad Media era muy diferente a la actual. Hoy d\u00eda la Iglesia, dirigida por el Papa, se divide en di\u00f3cesis y \u00e9stas en parroquias. Al cargo de la di\u00f3cesis est\u00e1n los obispos y de las parroquias los p\u00e1rrocos. En la Edad Media, la iglesia o templo, como constitu\u00eda la entidad que estructuraba religiosamente la poblaci\u00f3n, seg\u00fan ense\u00f1a Antonio Dur\u00e1n Gudiol;\">As\u00ed pues, la torre de Layana debi\u00f3 de ser propiedad del cabildo de Santa Mar\u00eda de Uncastillo, una de las iglesias m\u00e1s importantes del arciprestazgo de la Valdeonsella, dependientes de la di\u00f3cesis de Pamplona,\u00a0 y a la que pagaban diezmos much\u00edsimas otras iglesias como consta en el documento fundacional de Alfonso el Batallador estudiado por J. M. Lacarra\u00a0 en \u00ablos documentos para la reconquista del valle del Ebro\u00bb, aunque no existe ning\u00fan documento\u00a0 que de manera apod\u00edctica nos permita concluir que durante todo este tiempo la Valdonsella perteneciera a la di\u00f3cesis de Pamplona. Probablemente ser\u00eda una cuesti\u00f3n en litigio perpetuo lo que justifica la existencia de documentos, seguramente falsificados, que dan el arciprestazgo tanto a Pamplona como a Arag\u00f3n. Mart\u00edn Duque se inclina por la opini\u00f3 de que perteneci\u00f3 siempre a Pamplona mediante una s\u00f3lida argumentaci\u00f3n. Observese, por otra parte, la circunstancia extra\u00f1a, que no debi\u00f3 de generar peque\u00f1os problemas, de estas poblaciones que eclesi\u00e1sticamente pertenecen a Pamplona y pol\u00edticamente, despu\u00e9s de Ramiro I, a Arag\u00f3n. Como en el documento que estamos tratando s\u00f3lo se nombra la torre de Layana desconocemos si tambi\u00e9n entraba en la cesi\u00f3n la iglesia o m\u00e1s bien, como apunta Abbad R\u00edos y sugiere el documento que m\u00e1s adelante presentaremos, \u00e9sta es propiedad del Hospital de Santa Critina de Somu Portu.<br \/>\n<\/span><\/p>\n","protected":false},"excerpt":{"rendered":"<p>Probablemente, la propiedad de la torre de Layana conllevaba tambi\u00e9n la propiedad de la iglesia. La estructura religiosa en la Edad Media era muy diferente a la actual. Hoy d\u00eda la Iglesia, dirigida por el Papa, se divide en di\u00f3cesis y \u00e9stas en parroquias. Al cargo de la di\u00f3cesis est\u00e1n los obispos y de las &hellip;<\/p>\n<p class=\"read-more\"> <a class=\"\" href=\"http:\/\/layana.begueria.es\/?p=97\"> <span class=\"screen-reader-text\">LAS IGLESIAS Y SU ORGANIZACI\u00d3N<\/span> Leer m\u00e1s &raquo;<\/a><\/p>\n","protected":false},"author":2,"featured_media":0,"comment_status":"open","ping_status":"open","sticky":false,"template":"","format":"standard","meta":{"_monsterinsights_skip_tracking":false,"_monsterinsights_sitenote_active":false,"_monsterinsights_sitenote_note":"","_monsterinsights_sitenote_category":0,"site-sidebar-layout":"","site-content-layout":"","ast-main-header-display":"","ast-hfb-above-header-display":"","ast-hfb-below-header-display":"","ast-hfb-mobile-header-display":"","site-post-title":"","ast-breadcrumbs-content":"","ast-featured-img":"","footer-sml-layout":"","theme-transparent-header-meta":"","adv-header-id-meta":"","stick-header-meta":"","header-above-stick-meta":"","header-main-stick-meta":"","header-below-stick-meta":"","footnotes":""},"categories":[10],"tags":[],"class_list":["post-97","post","type-post","status-publish","format-standard","hentry","category-layana-medieval"],"_links":{"self":[{"href":"http:\/\/layana.begueria.es\/index.php?rest_route=\/wp\/v2\/posts\/97","targetHints":{"allow":["GET"]}}],"collection":[{"href":"http:\/\/layana.begueria.es\/index.php?rest_route=\/wp\/v2\/posts"}],"about":[{"href":"http:\/\/layana.begueria.es\/index.php?rest_route=\/wp\/v2\/types\/post"}],"author":[{"embeddable":true,"href":"http:\/\/layana.begueria.es\/index.php?rest_route=\/wp\/v2\/users\/2"}],"replies":[{"embeddable":true,"href":"http:\/\/layana.begueria.es\/index.php?rest_route=%2Fwp%2Fv2%2Fcomments&post=97"}],"version-history":[{"count":9,"href":"http:\/\/layana.begueria.es\/index.php?rest_route=\/wp\/v2\/posts\/97\/revisions"}],"predecessor-version":[{"id":139,"href":"http:\/\/layana.begueria.es\/index.php?rest_route=\/wp\/v2\/posts\/97\/revisions\/139"}],"wp:attachment":[{"href":"http:\/\/layana.begueria.es\/index.php?rest_route=%2Fwp%2Fv2%2Fmedia&parent=97"}],"wp:term":[{"taxonomy":"category","embeddable":true,"href":"http:\/\/layana.begueria.es\/index.php?rest_route=%2Fwp%2Fv2%2Fcategories&post=97"},{"taxonomy":"post_tag","embeddable":true,"href":"http:\/\/layana.begueria.es\/index.php?rest_route=%2Fwp%2Fv2%2Ftags&post=97"}],"curies":[{"name":"wp","href":"https:\/\/api.w.org\/{rel}","templated":true}]}}